{"id":27610,"date":"2020-01-14T14:23:03","date_gmt":"2020-01-14T13:23:03","guid":{"rendered":"https:\/\/www.racine.eu\/responsabilite-des-contractants-envers-les-tiers-lassemblee-pleniere-de-la-cour-de-cassation-persiste-et-signe\/"},"modified":"2020-01-15T09:37:40","modified_gmt":"2020-01-15T08:37:40","slug":"responsabilite-des-contractants-envers-les-tiers-lassemblee-pleniere-de-la-cour-de-cassation-persiste-et-signe","status":"publish","type":"post","link":"https:\/\/www.racine.eu\/en\/responsabilite-des-contractants-envers-les-tiers-lassemblee-pleniere-de-la-cour-de-cassation-persiste-et-signe\/","title":{"rendered":"Responsabilit\u00e9 des contractants envers les tiers :  l\u2019assembl\u00e9e pl\u00e9ni\u00e8re de la Cour de cassation persiste et signe !"},"content":{"rendered":"","protected":false},"excerpt":{"rendered":"","protected":false},"author":2,"featured_media":0,"comment_status":"closed","ping_status":"closed","sticky":false,"template":"","format":"standard","meta":{"_acf_changed":false,"footnotes":""},"categories":[94],"tags":[],"class_list":["post-27610","post","type-post","status-publish","format-standard","hentry","category-news-flashes"],"acf":[],"_links":{"self":[{"href":"https:\/\/www.racine.eu\/en\/wp-json\/wp\/v2\/posts\/27610","targetHints":{"allow":["GET"]}}],"collection":[{"href":"https:\/\/www.racine.eu\/en\/wp-json\/wp\/v2\/posts"}],"about":[{"href":"https:\/\/www.racine.eu\/en\/wp-json\/wp\/v2\/types\/post"}],"author":[{"embeddable":true,"href":"https:\/\/www.racine.eu\/en\/wp-json\/wp\/v2\/users\/2"}],"replies":[{"embeddable":true,"href":"https:\/\/www.racine.eu\/en\/wp-json\/wp\/v2\/comments?post=27610"}],"version-history":[{"count":1,"href":"https:\/\/www.racine.eu\/en\/wp-json\/wp\/v2\/posts\/27610\/revisions"}],"predecessor-version":[{"id":27612,"href":"https:\/\/www.racine.eu\/en\/wp-json\/wp\/v2\/posts\/27610\/revisions\/27612"}],"wp:attachment":[{"href":"https:\/\/www.racine.eu\/en\/wp-json\/wp\/v2\/media?parent=27610"}],"wp:term":[{"taxonomy":"category","embeddable":true,"href":"https:\/\/www.racine.eu\/en\/wp-json\/wp\/v2\/categories?post=27610"},{"taxonomy":"post_tag","embeddable":true,"href":"https:\/\/www.racine.eu\/en\/wp-json\/wp\/v2\/tags?post=27610"}],"curies":[{"name":"wp","href":"https:\/\/api.w.org\/{rel}","templated":true}]}}