{"id":67963,"date":"2025-07-25T12:28:30","date_gmt":"2025-07-25T10:28:30","guid":{"rendered":"https:\/\/www.racine.eu\/racine-accompagne-ratp-dev-dans-la-reprise-des-activites-de-vectalia-beziers-mediterranee\/"},"modified":"2025-07-28T10:34:45","modified_gmt":"2025-07-28T08:34:45","slug":"racine-accompagne-ratp-dev-dans-la-reprise-des-activites-de-vectalia-beziers-mediterranee","status":"publish","type":"post","link":"https:\/\/www.racine.eu\/en\/racine-accompagne-ratp-dev-dans-la-reprise-des-activites-de-vectalia-beziers-mediterranee\/","title":{"rendered":"Racine supports RATP Dev in the takeover of Vectalia B\u00e9ziers M\u00e9diterran\u00e9e&#8217;s operations"},"content":{"rendered":"","protected":false},"excerpt":{"rendered":"","protected":false},"author":2,"featured_media":0,"comment_status":"closed","ping_status":"closed","sticky":false,"template":"","format":"standard","meta":{"_acf_changed":false,"footnotes":""},"categories":[93],"tags":[],"class_list":["post-67963","post","type-post","status-publish","format-standard","hentry","category-press-releases"],"acf":[],"_links":{"self":[{"href":"https:\/\/www.racine.eu\/en\/wp-json\/wp\/v2\/posts\/67963","targetHints":{"allow":["GET"]}}],"collection":[{"href":"https:\/\/www.racine.eu\/en\/wp-json\/wp\/v2\/posts"}],"about":[{"href":"https:\/\/www.racine.eu\/en\/wp-json\/wp\/v2\/types\/post"}],"author":[{"embeddable":true,"href":"https:\/\/www.racine.eu\/en\/wp-json\/wp\/v2\/users\/2"}],"replies":[{"embeddable":true,"href":"https:\/\/www.racine.eu\/en\/wp-json\/wp\/v2\/comments?post=67963"}],"version-history":[{"count":4,"href":"https:\/\/www.racine.eu\/en\/wp-json\/wp\/v2\/posts\/67963\/revisions"}],"predecessor-version":[{"id":68018,"href":"https:\/\/www.racine.eu\/en\/wp-json\/wp\/v2\/posts\/67963\/revisions\/68018"}],"wp:attachment":[{"href":"https:\/\/www.racine.eu\/en\/wp-json\/wp\/v2\/media?parent=67963"}],"wp:term":[{"taxonomy":"category","embeddable":true,"href":"https:\/\/www.racine.eu\/en\/wp-json\/wp\/v2\/categories?post=67963"},{"taxonomy":"post_tag","embeddable":true,"href":"https:\/\/www.racine.eu\/en\/wp-json\/wp\/v2\/tags?post=67963"}],"curies":[{"name":"wp","href":"https:\/\/api.w.org\/{rel}","templated":true}]}}